[{"@context":"https:\/\/schema.org\/","@type":"Article","@id":"https:\/\/www.fabp.cz\/kdyz-dodavku-tak-z-pujcovny\/#Article","mainEntityOfPage":"https:\/\/www.fabp.cz\/kdyz-dodavku-tak-z-pujcovny\/","headline":"Kdy\u017e dod\u00e1vku, tak z p\u016fj\u010dovny","name":"Kdy\u017e dod\u00e1vku, tak z p\u016fj\u010dovny","description":"\u0158e\u0161ili jste n\u011bkdy u\u017eitkov\u00e9 automobily? Pokud jste jej pot\u0159ebovali, ale nem\u011bli jste jej k dispozici, je velmi pravd\u011bpodobn\u00e9, \u017ee jste p\u0159em\u00fd\u0161leli o jeho n\u00e1kupu. Myslete v\u0161ak na to, \u017ee jakmile pominou starosti o n\u011bjak\u00fd transport materi\u00e1lu anebo jin\u00fdch v\u00fdjime\u010dn\u00fdch ud\u00e1lost\u00ed, tento automobil ji\u017e pot\u0159ebovat nebudete. Je tedy mnohem v\u00fdhodn\u011bj\u0161\u00ed si tento automobil pronajmout, pokud tedy [&hellip;]","datePublished":"2025-04-25","dateModified":"2025-04-25","author":{"@type":"Person","@id":"https:\/\/www.fabp.cz\/author\/#Person","name":"","url":"https:\/\/www.fabp.cz\/author\/","identifier":1,"image":{"@type":"ImageObject","@id":"https:\/\/secure.gravatar.com\/avatar\/64d58fab86512053c8bb518a6563e7284bb4a3422dc9af0106c3f39575364c7b?s=96&d=mm&r=g","url":"https:\/\/secure.gravatar.com\/avatar\/64d58fab86512053c8bb518a6563e7284bb4a3422dc9af0106c3f39575364c7b?s=96&d=mm&r=g","height":96,"width":96}},"publisher":{"@type":"Organization","name":"fabp.cz","logo":{"@type":"ImageObject","@id":"\/logo.png","url":"\/logo.png","width":600,"height":60}},"url":"https:\/\/www.fabp.cz\/kdyz-dodavku-tak-z-pujcovny\/","wordCount":230,"articleBody":" \u0158e\u0161ili jste n\u011bkdy u\u017eitkov\u00e9 automobily? Pokud jste jej pot\u0159ebovali, ale nem\u011bli jste jej k dispozici, je velmi pravd\u011bpodobn\u00e9, \u017ee jste p\u0159em\u00fd\u0161leli o jeho n\u00e1kupu. Myslete v\u0161ak na to, \u017ee jakmile pominou starosti o n\u011bjak\u00fd transport materi\u00e1lu anebo jin\u00fdch v\u00fdjime\u010dn\u00fdch ud\u00e1lost\u00ed, tento automobil ji\u017e pot\u0159ebovat nebudete. Je tedy mnohem v\u00fdhodn\u011bj\u0161\u00ed si tento automobil pronajmout, pokud tedy nem\u00e1te v pl\u00e1nu v\u016fz tohoto typu vyu\u017e\u00edt n\u011bkolik m\u011bs\u00edc\u016f anebo dokonce let. Kdy\u017e bude va\u0161\u00edm c\u00edlem p\u016fj\u010dovna dod\u00e1vek Brno, budete m\u00edt tak\u00e9 jistotu, \u017ee va\u0161e volba nebude \u0161patn\u00e1 v \u017e\u00e1dn\u00e9m ohledu. Nejenom d\u00edky podm\u00ednk\u00e1m, ale tak\u00e9 d\u00edky samotn\u00fdm automobil\u016fm. Vyplat\u00ed se zainvestovat i do pron\u00e1jmu Mo\u017en\u00e1 si \u0159\u00edk\u00e1te, \u017ee z\u00edskat automobil t\u00edmto zp\u016fsobem nen\u00ed v\u016fbec v\u00fdhodn\u00e9. Je v\u0161ak nutn\u00e9 v\u011bd\u011bt, \u017ee nic nen\u00ed zdarma, a to ani kr\u00e1tkodob\u00fd pron\u00e1jem vozu. Je tedy lep\u0161\u00ed obr\u00e1tit se na profesion\u00e1ly s bohat\u00fdm v\u00fdb\u011brem r\u016fzn\u00fdch automobil\u016f, kte\u0159\u00ed v\u00e1m nab\u00eddnou v\u016fz se stoprocentn\u00edm stavem ne\u017eli \u017e\u00e1dat n\u011bjak\u00e9 sv\u00e9 p\u0159\u00e1tele, kte\u0159\u00ed by v\u00e1m stejn\u011b ani nic po\u0159\u00e1dn\u00e9ho nemohli nab\u00eddnout.                                                                                                                                                                                                                                                                                                                                                                                                "},{"@context":"https:\/\/schema.org\/","@type":"BreadcrumbList","itemListElement":[{"@type":"ListItem","position":1,"name":"Kdy\u017e dod\u00e1vku, tak z p\u016fj\u010dovny","item":"https:\/\/www.fabp.cz\/kdyz-dodavku-tak-z-pujcovny\/#breadcrumbitem"}]}]