[{"@context":"https:\/\/schema.org\/","@type":"Article","@id":"https:\/\/www.fabp.cz\/podnikatele-nikdo-nezivi\/#Article","mainEntityOfPage":"https:\/\/www.fabp.cz\/podnikatele-nikdo-nezivi\/","headline":"Podnikatele nikdo ne\u017eiv\u00ed","name":"Podnikatele nikdo ne\u017eiv\u00ed","description":"http:\/\/www.postsignum.cz\/files\/navody\/zaloha_klice\/index.html .dtd&#8220;&gt; U\u017e jste n\u011bkdy vid\u011bli soukrom\u00e9ho podnikatele, kter\u00fd by \u017e\u00e1dal po st\u00e1tu, aby mu dal nebo p\u0159idal n\u011bjak\u00e9 pen\u00edze? U\u017e jste vid\u011bli soukromn\u00edka, kter\u00fd by se p\u0159is\u00e1l na st\u00e1tn\u00ed soci\u00e1ln\u00ed syst\u00e9m, parazitoval na n\u011bm, a pokud u\u017e by n\u011bco d\u011blal, pak jedin\u011b s bohorovn\u00fdm klidem, s t\u00edm, \u017ee kdyby mu to nevy\u0161lo, tat\u00ed\u010dek st\u00e1t [&hellip;]","datePublished":"2022-09-13","dateModified":"2022-09-13","author":{"@type":"Person","@id":"https:\/\/www.fabp.cz\/author\/#Person","name":"","url":"https:\/\/www.fabp.cz\/author\/","identifier":1,"image":{"@type":"ImageObject","@id":"https:\/\/secure.gravatar.com\/avatar\/64d58fab86512053c8bb518a6563e7284bb4a3422dc9af0106c3f39575364c7b?s=96&d=mm&r=g","url":"https:\/\/secure.gravatar.com\/avatar\/64d58fab86512053c8bb518a6563e7284bb4a3422dc9af0106c3f39575364c7b?s=96&d=mm&r=g","height":96,"width":96}},"publisher":{"@type":"Organization","name":"fabp.cz","logo":{"@type":"ImageObject","@id":"\/logo.png","url":"\/logo.png","width":600,"height":60}},"image":{"@type":"ImageObject","@id":"https:\/\/www.fabp.cz\/wp-content\/uploads\/t%C5%99i%20mince_10_5.jpg","url":"https:\/\/www.fabp.cz\/wp-content\/uploads\/t%C5%99i%20mince_10_5.jpg","height":0,"width":0},"url":"https:\/\/www.fabp.cz\/podnikatele-nikdo-nezivi\/","wordCount":429,"articleBody":"http:\/\/www.postsignum.cz\/files\/navody\/zaloha_klice\/index.html .dtd&#8220;&gt;      U\u017e jste n\u011bkdy vid\u011bli soukrom\u00e9ho podnikatele, kter\u00fd by \u017e\u00e1dal po st\u00e1tu, aby mu dal nebo p\u0159idal n\u011bjak\u00e9 pen\u00edze? U\u017e jste vid\u011bli soukromn\u00edka, kter\u00fd by se p\u0159is\u00e1l na st\u00e1tn\u00ed soci\u00e1ln\u00ed syst\u00e9m, parazitoval na n\u011bm, a pokud u\u017e by n\u011bco d\u011blal, pak jedin\u011b s bohorovn\u00fdm klidem, s t\u00edm, \u017ee kdyby mu to nevy\u0161lo, tat\u00ed\u010dek st\u00e1t to zaplat\u00ed?Pochybuji, \u017ee byste n\u011bkoho takov\u00e9ho znali. A pokud snad podobn\u00e9ho \u010dlov\u011bka zn\u00e1te, pak jde nejsp\u00ed\u0161e u\u017e jen o b\u00fdval\u00e9ho podnikatele, p\u0159\u00edpadn\u011b o n\u011bkoho, jeho\u017e byznys d\u0159\u00edve \u010di pozd\u011bji skon\u010d\u00ed neslavn\u011b. Proto\u017ee n\u011bkdo takov\u00fd podnikat nem\u016f\u017ee. Podnik\u00e1n\u00ed slou\u017e\u00ed k tomu, aby si na sebe n\u011bkdo s\u00e1m vyd\u011blal, v podnik\u00e1n\u00ed je ka\u017ed\u00fd s\u00e1m zodpov\u011bdn\u00fd za sv\u00e9 v\u00fdsledky i za to, jak se mu povede.Ov\u0161em ne v\u0161echno m\u016f\u017ee podnikatel ve sv\u00e9m podnik\u00e1n\u00ed dostate\u010dn\u011b kvalitn\u011b ovliv\u0148ovat. Jsou tu i jin\u00e9, vn\u011bj\u0161\u00ed vlivy, a kv\u016fli t\u011bm se dost\u00e1v\u00e1 kdekdo ze soukromn\u00edk\u016f do pot\u00ed\u017e\u00ed i tehdy, kdy\u017e se maxim\u00e1ln\u011b sna\u017e\u00ed jim vyhnout. A jak se potom soukrom\u00ed podnikatel\u00e9 takov\u00fdch pot\u00ed\u017e\u00ed zbavuj\u00ed? \u010casto tak, \u017ee si vezmou p\u016fj\u010dku, kterou vyu\u017eij\u00ed k financov\u00e1n\u00ed v\u0161eho nezbytn\u00e9ho a s t\u00edm souvisej\u00edc\u00ed n\u00e1prav\u011b nedostatk\u016f. Co\u017e nemus\u00ed b\u00fdt rozhodn\u011b \u0161patn\u00e9 \u0159e\u0161en\u00ed, pokud se ne\u017e\u00e1d\u00e1 o takovou p\u016fj\u010dku bezhlav\u011b.Jen\u017ee navzdory tomu, \u017ee podnikatel\u00e9 pot\u0159ebuj\u00ed p\u016fj\u010dky, se t\u011bchto nejednou nedo\u010dkaj\u00ed. A to ne proto, \u017ee by nem\u011bli na koho se obr\u00e1tit, ale proto, \u017ee je leckter\u00fd poskytovatel p\u016fj\u010dek odm\u00edtne. T\u0159eba pro p\u0159\u00edli\u0161 mal\u00e9 p\u0159\u00edjmy, pro \u0161patn\u011b vypadaj\u00edc\u00ed da\u0148ov\u00e9 p\u0159izn\u00e1n\u00ed, pro z\u00e1znamy v registrech dlu\u017en\u00edk\u016f\u2026 A pak jsou touhy takov\u00fdch zoufal\u00fdch podnikatel\u016f nevysly\u0161eny. Pokud se tedy nevyu\u017eije nebankovn\u00ed hypot\u00e9ka, kter\u00e1 se i v p\u0159\u00edpad\u011b lid\u00ed s velk\u00fdmi probl\u00e9my z\u00edsk\u00e1v\u00e1 snadno. Proto\u017ee u t\u00e9 sta\u010d\u00ed k \u00fasp\u011bchu i jenom z\u00e1stava nemovitosti a schopnost spl\u00e1cet. A kdy\u017e aspo\u0148 to m\u016f\u017ee soukromn\u00edk nab\u00eddnout, u nebankovn\u00ed spole\u010dnosti si p\u0159ijde na sv\u00e9. A m\u016f\u017ee to b\u00fdt i to nejlep\u0161\u00ed mo\u017en\u00e9 \u0159e\u0161en\u00ed pot\u00ed\u017e\u00ed.                                                                                                                                                                                                                                                                                                                                                                                                "},{"@context":"https:\/\/schema.org\/","@type":"BreadcrumbList","itemListElement":[{"@type":"ListItem","position":1,"name":"Podnikatele nikdo ne\u017eiv\u00ed","item":"https:\/\/www.fabp.cz\/podnikatele-nikdo-nezivi\/#breadcrumbitem"}]}]