[{"@context":"https:\/\/schema.org\/","@type":"Article","@id":"https:\/\/www.fabp.cz\/zacnete-se-vzdelavat-ve-vami-vybrane-oblasti-jeste-dnes\/#Article","mainEntityOfPage":"https:\/\/www.fabp.cz\/zacnete-se-vzdelavat-ve-vami-vybrane-oblasti-jeste-dnes\/","headline":"Za\u010dn\u011bte se vzd\u011bl\u00e1vat ve v\u00e1mi vybran\u00e9 oblasti je\u0161t\u011b dnes!","name":"Za\u010dn\u011bte se vzd\u011bl\u00e1vat ve v\u00e1mi vybran\u00e9 oblasti je\u0161t\u011b dnes!","description":"M\u00e1te pocit, \u017ee zam\u011bstn\u00e1n\u00ed, ve kter\u00e9m nyn\u00ed pracujete, nen\u00ed t\u00edm prav\u00fdm, kter\u00e9 jste si p\u0159edstavovali? Uva\u017eujete proto nad t\u00edm, \u017ee zm\u011bn\u00edte obor, ale k tomu pot\u0159ebujete i lep\u0161\u00ed vzd\u011bl\u00e1n\u00ed, kter\u00e9 by v\u00e1m k dosa\u017een\u00ed vysn\u011bn\u00e9 pr\u00e1ce mohlo pomoci? Pak ur\u010dit\u011b na nic ne\u010dekejte, a p\u0159ihlaste se je\u0161t\u011b dnes na jeden z velice kvalitn\u00edch virtu\u00e1ln\u00edch kurz\u016f, [&hellip;]","datePublished":"2025-08-30","dateModified":"2025-08-30","author":{"@type":"Person","@id":"https:\/\/www.fabp.cz\/author\/#Person","name":"","url":"https:\/\/www.fabp.cz\/author\/","identifier":1,"image":{"@type":"ImageObject","@id":"https:\/\/secure.gravatar.com\/avatar\/64d58fab86512053c8bb518a6563e7284bb4a3422dc9af0106c3f39575364c7b?s=96&d=mm&r=g","url":"https:\/\/secure.gravatar.com\/avatar\/64d58fab86512053c8bb518a6563e7284bb4a3422dc9af0106c3f39575364c7b?s=96&d=mm&r=g","height":96,"width":96}},"publisher":{"@type":"Organization","name":"fabp.cz","logo":{"@type":"ImageObject","@id":"\/logo.png","url":"\/logo.png","width":600,"height":60}},"url":"https:\/\/www.fabp.cz\/zacnete-se-vzdelavat-ve-vami-vybrane-oblasti-jeste-dnes\/","wordCount":239,"articleBody":"M\u00e1te pocit, \u017ee zam\u011bstn\u00e1n\u00ed, ve kter\u00e9m nyn\u00ed pracujete, nen\u00ed t\u00edm prav\u00fdm, kter\u00e9 jste si p\u0159edstavovali? Uva\u017eujete proto nad t\u00edm, \u017ee zm\u011bn\u00edte obor, ale k tomu pot\u0159ebujete i lep\u0161\u00ed vzd\u011bl\u00e1n\u00ed, kter\u00e9 by v\u00e1m k dosa\u017een\u00ed vysn\u011bn\u00e9 pr\u00e1ce mohlo pomoci? Pak ur\u010dit\u011b na nic ne\u010dekejte, a p\u0159ihlaste se je\u0161t\u011b dnes na jeden z velice kvalitn\u00edch virtu\u00e1ln\u00edch kurz\u016f, kter\u00e9 v\u00e1m zaru\u010den\u011b dok\u00e1\u017e\u00ed ve velice kr\u00e1tk\u00e9m \u010dase dopomoci k va\u0161emu vysn\u011bn\u00e9mu zam\u011bstn\u00e1n\u00ed. Nahl\u00e9dn\u011bte pr\u00e1v\u011b nyn\u00ed do specializovan\u00e9ho internetov\u00e9ho serveru agentury motiv P, kter\u00e1 v\u00e1m p\u0159in\u00e1\u0161\u00ed tu nej\u0161ir\u0161\u00ed \u0161k\u00e1lu skv\u011bl\u00fdch a hlavn\u011b \u00fa\u010dinn\u00fdch slu\u017eeb, d\u00edky kter\u00fdm se v dan\u00e9m oboru vzd\u011bl\u00e1te opravdu rychle a s garanc\u00ed t\u00e9 nejvy\u0161\u0161\u00ed kvality. Cenov\u011b dostupn\u00e9 virtu\u00e1ln\u00ed kurzy jsou tu pro ka\u017ed\u00e9ho! Zda tak\u00e9 u\u017e dlouho uva\u017eujete nad t\u00edm, \u017ee k z\u00edsk\u00e1n\u00ed vysn\u011bn\u00e9ho zam\u011bstn\u00e1n\u00ed pot\u0159ebujete absolvovat n\u011bjak\u00e9 speci\u00e1ln\u00ed kurzy, pak se ur\u010dit\u011b je\u0161t\u011b dnes obra\u0165te na tento port\u00e1l agentury motiv P, kter\u00e1 v\u00e1m p\u0159in\u00e1\u0161\u00ed \u0161irokou \u0161k\u00e1lu nejr\u016fzn\u011bj\u0161\u00edch slu\u017eeb, do kter\u00fdch pat\u0159\u00ed samoz\u0159ejm\u011b i speci\u00e1ln\u00ed virtu\u00e1ln\u00ed v\u00fdukov\u00e9 kurzy.                                                                                                                                                                                                                                                                                                                                                                                                "},{"@context":"https:\/\/schema.org\/","@type":"BreadcrumbList","itemListElement":[{"@type":"ListItem","position":1,"name":"Za\u010dn\u011bte se vzd\u011bl\u00e1vat ve v\u00e1mi vybran\u00e9 oblasti je\u0161t\u011b dnes!","item":"https:\/\/www.fabp.cz\/zacnete-se-vzdelavat-ve-vami-vybrane-oblasti-jeste-dnes\/#breadcrumbitem"}]}]